{"id":9681,"date":"2024-11-19T10:05:47","date_gmt":"2024-11-19T09:05:47","guid":{"rendered":"https:\/\/zesar.ch\/?p=9681"},"modified":"2026-04-02T11:35:05","modified_gmt":"2026-04-02T09:35:05","slug":"die-geschichte-in-drei-teilen-wie-zesar-ch-sich-an-die-beduerfnisse-von-schulen-anpassen-kann-2","status":"publish","type":"post","link":"https:\/\/zesar.ch\/fr\/die-geschichte-in-drei-teilen-wie-zesar-ch-sich-an-die-beduerfnisse-von-schulen-anpassen-kann-2\/","title":{"rendered":"Acte 2\/3 -  L'histoire en 3 actes : Comment Zesar.ch s'adapte aux besoins des \u00e9coles"},"content":{"rendered":"<div class=\"is-layout-constrained wp-container-1 wp-block-group title-wrapper\">\n<h1>L'histoire en 3 actes : Comment Zesar.ch s'adapte aux besoins des \u00e9coles<\/h1>\n\n\n\n<p>Les meubles ne sont pas que de simples objets fonctionnels - ils font partie int\u00e9grante du processus d'apprentissage et influencent directement la r\u00e9ussite des enfants. Plus particuli\u00e8rement pour les institutions scolaires qui se concentrent sur les enfants ayant des besoins sp\u00e9ciaux \u2013 comme lors d\u2019un trouble du spectre de l'autisme - un concept de mobilier bien pens\u00e9 joue un r\u00f4le crucial. Dans notre s\u00e9rie en trois parties, nous mettons en lumi\u00e8re la longue collaboration entre le studio d'apprentissage MIAN et Zesar.ch. Nous montrons comment un mobilier scolaire personnalis\u00e9 optimise l'environnement d'apprentissage et cr\u00e9e un univers p\u00e9dagogique qui tient compte des besoins sp\u00e9cifiques de chacun.<\/p>\n<\/div>\n\n\n\n<div class=\"is-layout-constrained wp-block-group alignfull header-with-cover-and-sidebar\">\n<div class=\"is-layout-constrained wp-block-group alignfull has-grey-to-light-grey-gradient-background has-background\">\n<div class=\"wp-block-cover alignwide is-light\"><span aria-hidden=\"true\" class=\"wp-block-cover__background has-background-dim-0 has-background-dim\"><\/span><img width=\"3753\" height=\"2895\" src=\"https:\/\/zesar.ch\/wp-content\/uploads\/2024\/09\/Einzelplatz2.png\" class=\"wp-block-cover__image-background not-transparent wp-post-image\" alt=\"\" decoding=\"async\" loading=\"lazy\" data-object-fit=\"cover\" srcset=\"https:\/\/zesar.ch\/wp-content\/uploads\/2024\/09\/Einzelplatz2.png 3753w, https:\/\/zesar.ch\/wp-content\/uploads\/2024\/09\/Einzelplatz2-300x231.png 300w, https:\/\/zesar.ch\/wp-content\/uploads\/2024\/09\/Einzelplatz2-1024x790.png 1024w, https:\/\/zesar.ch\/wp-content\/uploads\/2024\/09\/Einzelplatz2-768x592.png 768w, https:\/\/zesar.ch\/wp-content\/uploads\/2024\/09\/Einzelplatz2-1536x1185.png 1536w, https:\/\/zesar.ch\/wp-content\/uploads\/2024\/09\/Einzelplatz2-2048x1580.png 2048w, https:\/\/zesar.ch\/wp-content\/uploads\/2024\/09\/Einzelplatz2-16x12.png 16w, https:\/\/zesar.ch\/wp-content\/uploads\/2024\/09\/Einzelplatz2-350x270.png 350w, https:\/\/zesar.ch\/wp-content\/uploads\/2024\/09\/Einzelplatz2-600x463.png 600w\" sizes=\"(max-width: 3753px) 100vw, 3753px\" data-has-transparency=\"false\" data-dominant-color=\"a09f99\" style=\"--dominant-color: #a09f99;\" \/><div class=\"wp-block-cover__inner-container\">\n<p class=\"has-text-align-center has-large-font-size\"><\/p>\n<\/div><\/div>\n\n\n\n<p><strong>Acte 2 : L'influence d'un bon mobilier scolaire au sein d\u2019institution \u00e9ducative aux besoins particuliers - un exemple pratique<\/strong><\/p>\n\n\n\n<p>Dans les \u00e9coles sp\u00e9ciales, notamment celles qui accueillent des enfants atteints du spectre de l'autisme, le mobilier joue un r\u00f4le central pour le bien-\u00eatre et la r\u00e9ussite de l'apprentissage des \u00e9l\u00e8ves. Le mobilier cr\u00e9e une structure, minimise les distractions et favorise une atmosph\u00e8re d'apprentissage concentr\u00e9e. Les couleurs neutres, le design sobre et la disposition claire des meubles de Zesar.ch permettent aux enfants de s'orienter et de cr\u00e9er un environnement qui ne les surexcite pas.<\/p>\n\n\n\n<p>La flexibilit\u00e9 du mobilier scolaire permet d'adapter \u00e0 tout moment les salles aux diff\u00e9rentes situations d'enseignement. Ainsi, les tables de groupe peuvent \u00eatre utilis\u00e9es pour le travail en commun, tandis que les pupitres individuels soutiennent les phases d'apprentissage individuelles. Les meubles mobiles, comme les tables \u00e0 roulettes, sont particuli\u00e8rement utiles car ils permettent de r\u00e9organiser rapidement les salles. Le studio d'apprentissage MIAN accorde une attention particuli\u00e8re au fait que chaque enfant dispose de sa propre zone de retrait. \u00c0 la demande des enfants, la taille des tables a m\u00eame \u00e9t\u00e9 adapt\u00e9e, ce qui montre l'importance de l'implication des \u00e9l\u00e8ves dans la conception de leur environnement d'apprentissage. Autres exemples : la derni\u00e8re innovation de Zesar.ch ; le \u00ab COCON \u00bb offre dans la salle de classe un lieu de retraite, des box en bois permettent des activit\u00e9s de groupe ou des travaux individuels, et des chaises r\u00e9glables en hauteur favorisent les mouvements et les postures ergonomiques.<\/p>\n\n\n\n<p>Sandra Sinatra r\u00e9sume parfaitement la situation : \u00ab Les meubles et leur conception ont une immense importance pour l'atmosph\u00e8re d'apprentissage et la structure du quotidien scolaire. Avec les meubles de Zesar.ch, nous avons pu cr\u00e9er un environnement qui aide nos \u00e9l\u00e8ves \u00e0 se concentrer sur l'essentiel \u00bb.<\/p>\n\n\n\n<p><strong>Conclusion : les meubles font la diff\u00e9rence<\/strong><\/p>\n\n\n\n<p>Un bon mobilier scolaire est bien plus qu\u2019un meuble lorsqu\u2019il peut aussi contribuer au fonctionnement d'une \u00e9cole sp\u00e9ciale. Des meubles adapt\u00e9s offrent une structure, cr\u00e9ent une atmosph\u00e8re d'apprentissage agr\u00e9able et soutiennent les concepts p\u00e9dagogiques. Gr\u00e2ce aux solutions sur mesure de Zesar.ch, nous avons pu cr\u00e9er dans le studio d'apprentissage MIAN un environnement qui offre le meilleur soutien possible \u00e0 nos \u00e9l\u00e8ves. Il s'av\u00e8re d\u00e8s lors que les meubles sont plus que de simples objets - ils font partie du processus d'apprentissage et ont une influence directe sur la r\u00e9ussite des enfants.<\/p>\n\n\n\n<p><strong>Plus d'aper\u00e7us dans la galerie photos<\/strong><\/p>\n\n\n\n<p>D\u00e9couvrez dans notre galerie d'images comment les diff\u00e9rents meubles de Zesar.ch sont utilis\u00e9s dans le studio d'apprentissage MIAN. De la salle de classe aux lieux de retraite, en passant par l'espace de restauration, laissez-vous inspirer par la mani\u00e8re dont un mobilier bien pens\u00e9 peut marquer durablement l'environnement d'apprentissage.<\/p>\n\n\n\n<figure class=\"is-layout-flex wp-block-gallery-2 wp-block-gallery has-nested-images columns-default is-cropped\">\n<figure class=\"wp-block-image size-large\"><img data-dominant-color=\"aba59e\" data-has-transparency=\"false\" style=\"--dominant-color: #aba59e;\" decoding=\"async\" loading=\"lazy\" width=\"1024\" height=\"762\" src=\"https:\/\/zesar.ch\/wp-content\/uploads\/2024\/09\/Aula3-1-1024x762.png\" alt=\"\" class=\"not-transparent wp-image-9690\" srcset=\"https:\/\/zesar.ch\/wp-content\/uploads\/2024\/09\/Aula3-1-1024x762.png 1024w, https:\/\/zesar.ch\/wp-content\/uploads\/2024\/09\/Aula3-1-300x223.png 300w, https:\/\/zesar.ch\/wp-content\/uploads\/2024\/09\/Aula3-1-768x572.png 768w, https:\/\/zesar.ch\/wp-content\/uploads\/2024\/09\/Aula3-1-1536x1143.png 1536w, https:\/\/zesar.ch\/wp-content\/uploads\/2024\/09\/Aula3-1-2048x1525.png 2048w, https:\/\/zesar.ch\/wp-content\/uploads\/2024\/09\/Aula3-1-16x12.png 16w, https:\/\/zesar.ch\/wp-content\/uploads\/2024\/09\/Aula3-1-350x261.png 350w, https:\/\/zesar.ch\/wp-content\/uploads\/2024\/09\/Aula3-1-600x447.png 600w\" sizes=\"(max-width: 1024px) 100vw, 1024px\" \/><\/figure>\n\n\n\n<figure class=\"wp-block-image size-large\"><img data-dominant-color=\"a8aaa7\" data-has-transparency=\"false\" style=\"--dominant-color: #a8aaa7;\" decoding=\"async\" loading=\"lazy\" width=\"1024\" height=\"576\" src=\"https:\/\/zesar.ch\/wp-content\/uploads\/2024\/09\/Klasse-2-1024x576.png\" alt=\"\" class=\"not-transparent wp-image-9682\" srcset=\"https:\/\/zesar.ch\/wp-content\/uploads\/2024\/09\/Klasse-2-1024x576.png 1024w, https:\/\/zesar.ch\/wp-content\/uploads\/2024\/09\/Klasse-2-300x169.png 300w, https:\/\/zesar.ch\/wp-content\/uploads\/2024\/09\/Klasse-2-768x432.png 768w, https:\/\/zesar.ch\/wp-content\/uploads\/2024\/09\/Klasse-2-18x10.png 18w, https:\/\/zesar.ch\/wp-content\/uploads\/2024\/09\/Klasse-2-350x197.png 350w, https:\/\/zesar.ch\/wp-content\/uploads\/2024\/09\/Klasse-2-600x338.png 600w, https:\/\/zesar.ch\/wp-content\/uploads\/2024\/09\/Klasse-2.png 1152w\" sizes=\"(max-width: 1024px) 100vw, 1024px\" \/><\/figure>\n\n\n\n<figure class=\"wp-block-image size-large\"><img data-dominant-color=\"cdcdc8\" data-has-transparency=\"false\" style=\"--dominant-color: #cdcdc8;\" decoding=\"async\" loading=\"lazy\" width=\"1024\" height=\"812\" src=\"https:\/\/zesar.ch\/wp-content\/uploads\/2024\/09\/Klasse-Oberstufe2-2-1024x812.png\" alt=\"\" class=\"not-transparent wp-image-9683\" srcset=\"https:\/\/zesar.ch\/wp-content\/uploads\/2024\/09\/Klasse-Oberstufe2-2-1024x812.png 1024w, https:\/\/zesar.ch\/wp-content\/uploads\/2024\/09\/Klasse-Oberstufe2-2-300x238.png 300w, https:\/\/zesar.ch\/wp-content\/uploads\/2024\/09\/Klasse-Oberstufe2-2-768x609.png 768w, https:\/\/zesar.ch\/wp-content\/uploads\/2024\/09\/Klasse-Oberstufe2-2-15x12.png 15w, https:\/\/zesar.ch\/wp-content\/uploads\/2024\/09\/Klasse-Oberstufe2-2-350x277.png 350w, https:\/\/zesar.ch\/wp-content\/uploads\/2024\/09\/Klasse-Oberstufe2-2-600x476.png 600w, https:\/\/zesar.ch\/wp-content\/uploads\/2024\/09\/Klasse-Oberstufe2-2.png 1152w\" sizes=\"(max-width: 1024px) 100vw, 1024px\" \/><\/figure>\n\n\n\n<figure class=\"wp-block-image size-large\"><img data-dominant-color=\"908d87\" data-has-transparency=\"false\" style=\"--dominant-color: #908d87;\" decoding=\"async\" loading=\"lazy\" width=\"1024\" height=\"714\" src=\"https:\/\/zesar.ch\/wp-content\/uploads\/2024\/09\/Klasse-Oberstufe-2-1024x714.png\" alt=\"\" class=\"not-transparent wp-image-9689\" srcset=\"https:\/\/zesar.ch\/wp-content\/uploads\/2024\/09\/Klasse-Oberstufe-2-1024x714.png 1024w, https:\/\/zesar.ch\/wp-content\/uploads\/2024\/09\/Klasse-Oberstufe-2-300x209.png 300w, https:\/\/zesar.ch\/wp-content\/uploads\/2024\/09\/Klasse-Oberstufe-2-768x535.png 768w, https:\/\/zesar.ch\/wp-content\/uploads\/2024\/09\/Klasse-Oberstufe-2-1536x1071.png 1536w, https:\/\/zesar.ch\/wp-content\/uploads\/2024\/09\/Klasse-Oberstufe-2-2048x1427.png 2048w, https:\/\/zesar.ch\/wp-content\/uploads\/2024\/09\/Klasse-Oberstufe-2-18x12.png 18w, https:\/\/zesar.ch\/wp-content\/uploads\/2024\/09\/Klasse-Oberstufe-2-350x244.png 350w, https:\/\/zesar.ch\/wp-content\/uploads\/2024\/09\/Klasse-Oberstufe-2-600x418.png 600w\" sizes=\"(max-width: 1024px) 100vw, 1024px\" \/><\/figure>\n\n\n\n<figure class=\"wp-block-image size-large\"><img data-dominant-color=\"a09f99\" data-has-transparency=\"false\" style=\"--dominant-color: #a09f99;\" decoding=\"async\" loading=\"lazy\" width=\"1024\" height=\"790\" src=\"https:\/\/zesar.ch\/wp-content\/uploads\/2024\/09\/Einzelplatz2-2-1024x790.png\" alt=\"\" class=\"not-transparent wp-image-9688\" srcset=\"https:\/\/zesar.ch\/wp-content\/uploads\/2024\/09\/Einzelplatz2-2-1024x790.png 1024w, https:\/\/zesar.ch\/wp-content\/uploads\/2024\/09\/Einzelplatz2-2-300x231.png 300w, https:\/\/zesar.ch\/wp-content\/uploads\/2024\/09\/Einzelplatz2-2-768x592.png 768w, https:\/\/zesar.ch\/wp-content\/uploads\/2024\/09\/Einzelplatz2-2-1536x1185.png 1536w, https:\/\/zesar.ch\/wp-content\/uploads\/2024\/09\/Einzelplatz2-2-2048x1580.png 2048w, https:\/\/zesar.ch\/wp-content\/uploads\/2024\/09\/Einzelplatz2-2-16x12.png 16w, https:\/\/zesar.ch\/wp-content\/uploads\/2024\/09\/Einzelplatz2-2-350x270.png 350w, https:\/\/zesar.ch\/wp-content\/uploads\/2024\/09\/Einzelplatz2-2-600x463.png 600w\" sizes=\"(max-width: 1024px) 100vw, 1024px\" \/><\/figure>\n\n\n\n<figure class=\"wp-block-image size-large\"><img data-dominant-color=\"737779\" data-has-transparency=\"false\" style=\"--dominant-color: #737779;\" decoding=\"async\" loading=\"lazy\" width=\"829\" height=\"1024\" src=\"https:\/\/zesar.ch\/wp-content\/uploads\/2024\/09\/Einzelplatz-2-829x1024.png\" alt=\"\" class=\"not-transparent wp-image-9687\" srcset=\"https:\/\/zesar.ch\/wp-content\/uploads\/2024\/09\/Einzelplatz-2-829x1024.png 829w, https:\/\/zesar.ch\/wp-content\/uploads\/2024\/09\/Einzelplatz-2-243x300.png 243w, https:\/\/zesar.ch\/wp-content\/uploads\/2024\/09\/Einzelplatz-2-768x949.png 768w, https:\/\/zesar.ch\/wp-content\/uploads\/2024\/09\/Einzelplatz-2-1243x1536.png 1243w, https:\/\/zesar.ch\/wp-content\/uploads\/2024\/09\/Einzelplatz-2-1657x2048.png 1657w, https:\/\/zesar.ch\/wp-content\/uploads\/2024\/09\/Einzelplatz-2-10x12.png 10w, https:\/\/zesar.ch\/wp-content\/uploads\/2024\/09\/Einzelplatz-2-350x432.png 350w, https:\/\/zesar.ch\/wp-content\/uploads\/2024\/09\/Einzelplatz-2-600x741.png 600w\" sizes=\"(max-width: 829px) 100vw, 829px\" \/><\/figure>\n\n\n\n<figure class=\"wp-block-image size-large\"><img data-dominant-color=\"9e9c97\" data-has-transparency=\"false\" style=\"--dominant-color: #9e9c97;\" decoding=\"async\" loading=\"lazy\" width=\"1024\" height=\"1011\" src=\"https:\/\/zesar.ch\/wp-content\/uploads\/2024\/09\/Einzelplatz-Schrank-1-1024x1011.png\" alt=\"\" class=\"not-transparent wp-image-9685\" srcset=\"https:\/\/zesar.ch\/wp-content\/uploads\/2024\/09\/Einzelplatz-Schrank-1-1024x1011.png 1024w, https:\/\/zesar.ch\/wp-content\/uploads\/2024\/09\/Einzelplatz-Schrank-1-300x296.png 300w, https:\/\/zesar.ch\/wp-content\/uploads\/2024\/09\/Einzelplatz-Schrank-1-768x758.png 768w, https:\/\/zesar.ch\/wp-content\/uploads\/2024\/09\/Einzelplatz-Schrank-1-1536x1516.png 1536w, https:\/\/zesar.ch\/wp-content\/uploads\/2024\/09\/Einzelplatz-Schrank-1-2048x2021.png 2048w, https:\/\/zesar.ch\/wp-content\/uploads\/2024\/09\/Einzelplatz-Schrank-1-12x12.png 12w, https:\/\/zesar.ch\/wp-content\/uploads\/2024\/09\/Einzelplatz-Schrank-1-32x32.png 32w, https:\/\/zesar.ch\/wp-content\/uploads\/2024\/09\/Einzelplatz-Schrank-1-350x345.png 350w, https:\/\/zesar.ch\/wp-content\/uploads\/2024\/09\/Einzelplatz-Schrank-1-600x592.png 600w, https:\/\/zesar.ch\/wp-content\/uploads\/2024\/09\/Einzelplatz-Schrank-1-100x100.png 100w\" sizes=\"(max-width: 1024px) 100vw, 1024px\" \/><\/figure>\n\n\n\n<figure class=\"wp-block-image size-large\"><img data-dominant-color=\"a5a39e\" data-has-transparency=\"false\" style=\"--dominant-color: #a5a39e;\" decoding=\"async\" loading=\"lazy\" width=\"971\" height=\"1024\" src=\"https:\/\/zesar.ch\/wp-content\/uploads\/2024\/09\/Eingentumsschrank-mit-Tueren-1-971x1024.png\" alt=\"\" class=\"not-transparent wp-image-9684\" srcset=\"https:\/\/zesar.ch\/wp-content\/uploads\/2024\/09\/Eingentumsschrank-mit-Tueren-1-971x1024.png 971w, https:\/\/zesar.ch\/wp-content\/uploads\/2024\/09\/Eingentumsschrank-mit-Tueren-1-285x300.png 285w, https:\/\/zesar.ch\/wp-content\/uploads\/2024\/09\/Eingentumsschrank-mit-Tueren-1-768x810.png 768w, https:\/\/zesar.ch\/wp-content\/uploads\/2024\/09\/Eingentumsschrank-mit-Tueren-1-1457x1536.png 1457w, https:\/\/zesar.ch\/wp-content\/uploads\/2024\/09\/Eingentumsschrank-mit-Tueren-1-1942x2048.png 1942w, https:\/\/zesar.ch\/wp-content\/uploads\/2024\/09\/Eingentumsschrank-mit-Tueren-1-11x12.png 11w, https:\/\/zesar.ch\/wp-content\/uploads\/2024\/09\/Eingentumsschrank-mit-Tueren-1-350x369.png 350w, https:\/\/zesar.ch\/wp-content\/uploads\/2024\/09\/Eingentumsschrank-mit-Tueren-1-600x633.png 600w\" sizes=\"(max-width: 971px) 100vw, 971px\" \/><\/figure>\n\n\n\n<figure class=\"wp-block-image size-large\"><img data-dominant-color=\"867c6b\" data-has-transparency=\"false\" style=\"--dominant-color: #867c6b;\" decoding=\"async\" loading=\"lazy\" width=\"846\" height=\"1024\" src=\"https:\/\/zesar.ch\/wp-content\/uploads\/2024\/09\/Cafeteria2-1-846x1024.png\" alt=\"\" class=\"not-transparent wp-image-9692\" srcset=\"https:\/\/zesar.ch\/wp-content\/uploads\/2024\/09\/Cafeteria2-1-846x1024.png 846w, https:\/\/zesar.ch\/wp-content\/uploads\/2024\/09\/Cafeteria2-1-248x300.png 248w, https:\/\/zesar.ch\/wp-content\/uploads\/2024\/09\/Cafeteria2-1-768x930.png 768w, https:\/\/zesar.ch\/wp-content\/uploads\/2024\/09\/Cafeteria2-1-1269x1536.png 1269w, https:\/\/zesar.ch\/wp-content\/uploads\/2024\/09\/Cafeteria2-1-1692x2048.png 1692w, https:\/\/zesar.ch\/wp-content\/uploads\/2024\/09\/Cafeteria2-1-10x12.png 10w, https:\/\/zesar.ch\/wp-content\/uploads\/2024\/09\/Cafeteria2-1-350x424.png 350w, https:\/\/zesar.ch\/wp-content\/uploads\/2024\/09\/Cafeteria2-1-600x726.png 600w\" sizes=\"(max-width: 846px) 100vw, 846px\" \/><\/figure>\n\n\n\n<figure class=\"wp-block-image size-large\"><img data-dominant-color=\"918b7d\" data-has-transparency=\"false\" style=\"--dominant-color: #918b7d;\" decoding=\"async\" loading=\"lazy\" width=\"1024\" height=\"820\" src=\"https:\/\/zesar.ch\/wp-content\/uploads\/2024\/09\/Cafeteria-1024x820.png\" alt=\"\" class=\"not-transparent wp-image-9691\" srcset=\"https:\/\/zesar.ch\/wp-content\/uploads\/2024\/09\/Cafeteria-1024x820.png 1024w, https:\/\/zesar.ch\/wp-content\/uploads\/2024\/09\/Cafeteria-300x240.png 300w, https:\/\/zesar.ch\/wp-content\/uploads\/2024\/09\/Cafeteria-768x615.png 768w, https:\/\/zesar.ch\/wp-content\/uploads\/2024\/09\/Cafeteria-1536x1230.png 1536w, https:\/\/zesar.ch\/wp-content\/uploads\/2024\/09\/Cafeteria-2048x1639.png 2048w, https:\/\/zesar.ch\/wp-content\/uploads\/2024\/09\/Cafeteria-15x12.png 15w, https:\/\/zesar.ch\/wp-content\/uploads\/2024\/09\/Cafeteria-350x280.png 350w, https:\/\/zesar.ch\/wp-content\/uploads\/2024\/09\/Cafeteria-600x480.png 600w\" sizes=\"(max-width: 1024px) 100vw, 1024px\" \/><\/figure>\n\n\n\n<figure class=\"wp-block-image size-large\"><img data-dominant-color=\"a8a6a3\" data-has-transparency=\"false\" style=\"--dominant-color: #a8a6a3;\" decoding=\"async\" loading=\"lazy\" width=\"715\" height=\"1024\" src=\"https:\/\/zesar.ch\/wp-content\/uploads\/2024\/09\/box-715x1024.png\" alt=\"\" class=\"not-transparent wp-image-9686\" srcset=\"https:\/\/zesar.ch\/wp-content\/uploads\/2024\/09\/box-715x1024.png 715w, https:\/\/zesar.ch\/wp-content\/uploads\/2024\/09\/box-210x300.png 210w, https:\/\/zesar.ch\/wp-content\/uploads\/2024\/09\/box-768x1099.png 768w, https:\/\/zesar.ch\/wp-content\/uploads\/2024\/09\/box-1073x1536.png 1073w, https:\/\/zesar.ch\/wp-content\/uploads\/2024\/09\/box-1431x2048.png 1431w, https:\/\/zesar.ch\/wp-content\/uploads\/2024\/09\/box-8x12.png 8w, https:\/\/zesar.ch\/wp-content\/uploads\/2024\/09\/box-350x501.png 350w, https:\/\/zesar.ch\/wp-content\/uploads\/2024\/09\/box-600x859.png 600w\" sizes=\"(max-width: 715px) 100vw, 715px\" \/><\/figure>\n<\/figure>\n\n\n\n<p class=\"has-medium-font-size\"><\/p>\n\n\n\n<p class=\"has-normal-font-size\"><\/p>\n<\/div>\n<\/div>","protected":false},"excerpt":{"rendered":"<p>Les meubles ne sont pas que de simples objets fonctionnels - ils font partie int\u00e9grante du processus d'apprentissage et influencent directement la r\u00e9ussite des enfants. Plus particuli\u00e8rement pour les institutions scolaires qui se concentrent sur les enfants ayant des besoins sp\u00e9ciaux - comme le spectre de l'autisme par exemple - un concept de mobilier bien pens\u00e9 joue un r\u00f4le crucial.<\/p>","protected":false},"author":16,"featured_media":9667,"comment_status":"closed","ping_status":"open","sticky":false,"template":"","format":"standard","meta":[],"acf":[],"_links":{"self":[{"href":"https:\/\/zesar.ch\/fr\/wp-json\/wp\/v2\/posts\/9681"}],"collection":[{"href":"https:\/\/zesar.ch\/fr\/wp-json\/wp\/v2\/posts"}],"about":[{"href":"https:\/\/zesar.ch\/fr\/wp-json\/wp\/v2\/types\/post"}],"author":[{"embeddable":true,"href":"https:\/\/zesar.ch\/fr\/wp-json\/wp\/v2\/users\/16"}],"replies":[{"embeddable":true,"href":"https:\/\/zesar.ch\/fr\/wp-json\/wp\/v2\/comments?post=9681"}],"version-history":[{"count":7,"href":"https:\/\/zesar.ch\/fr\/wp-json\/wp\/v2\/posts\/9681\/revisions"}],"predecessor-version":[{"id":10118,"href":"https:\/\/zesar.ch\/fr\/wp-json\/wp\/v2\/posts\/9681\/revisions\/10118"}],"wp:featuredmedia":[{"embeddable":true,"href":"https:\/\/zesar.ch\/fr\/wp-json\/wp\/v2\/media\/9667"}],"wp:attachment":[{"href":"https:\/\/zesar.ch\/fr\/wp-json\/wp\/v2\/media?parent=9681"}],"curies":[{"name":"wp","href":"https:\/\/api.w.org\/{rel}","templated":true}]}}