{"id":9615,"date":"2024-10-24T07:34:36","date_gmt":"2024-10-24T05:34:36","guid":{"rendered":"https:\/\/zesar.ch\/?p=9615"},"modified":"2024-11-21T19:08:45","modified_gmt":"2024-11-21T18:08:45","slug":"die-geschichte-in-drei-teilen-wie-zesar-ch-sich-an-die-beduerfnisse-von-schulen-anpassen-kann","status":"publish","type":"post","link":"https:\/\/zesar.ch\/fr\/die-geschichte-in-drei-teilen-wie-zesar-ch-sich-an-die-beduerfnisse-von-schulen-anpassen-kann\/","title":{"rendered":"Acte 1\/3 -  L'histoire en 3 actes : Comment Zesar.ch s'adapte aux besoins des \u00e9coles"},"content":{"rendered":"<div class=\"is-layout-constrained wp-container-1 wp-block-group title-wrapper\">\n<h1>L'histoire en 3 actes : Comment Zesar.ch s'adapte aux besoins des \u00e9coles<\/h1>\n\n\n\n<p>Les meubles ne sont pas que de simples objets fonctionnels - ils font partie int\u00e9grante du processus d'apprentissage et influencent directement la r\u00e9ussite des enfants. Plus particuli\u00e8rement pour les institutions scolaires qui se concentrent sur les enfants ayant des besoins sp\u00e9ciaux - comme le spectre de l'autisme par exemple - un concept de mobilier bien pens\u00e9 joue un r\u00f4le crucial. Dans notre s\u00e9rie en trois parties, nous mettons en lumi\u00e8re la longue collaboration entre le studio d'apprentissage MIAN et Zesar.ch. Nous montrons comment un mobilier scolaire personnalis\u00e9 optimise l'environnement d'apprentissage et cr\u00e9e un univers p\u00e9dagogique qui tient compte des besoins sp\u00e9cifiques de chacun.<\/p>\n<\/div>\n\n\n\n<div class=\"is-layout-constrained wp-block-group alignfull header-with-cover-and-sidebar\">\n<div class=\"is-layout-constrained wp-block-group alignfull has-grey-to-light-grey-gradient-background has-background\">\n<div class=\"wp-block-cover alignwide\"><span aria-hidden=\"true\" class=\"wp-block-cover__background has-background-dim-0 has-background-dim\"><\/span><img width=\"2817\" height=\"3481\" src=\"https:\/\/zesar.ch\/wp-content\/uploads\/2024\/09\/Einzelplatz-1.png\" class=\"wp-block-cover__image-background not-transparent wp-post-image\" alt=\"\" decoding=\"async\" loading=\"lazy\" data-object-fit=\"cover\" srcset=\"https:\/\/zesar.ch\/wp-content\/uploads\/2024\/09\/Einzelplatz-1.png 2817w, https:\/\/zesar.ch\/wp-content\/uploads\/2024\/09\/Einzelplatz-1-243x300.png 243w, https:\/\/zesar.ch\/wp-content\/uploads\/2024\/09\/Einzelplatz-1-829x1024.png 829w, https:\/\/zesar.ch\/wp-content\/uploads\/2024\/09\/Einzelplatz-1-768x949.png 768w, https:\/\/zesar.ch\/wp-content\/uploads\/2024\/09\/Einzelplatz-1-1243x1536.png 1243w, https:\/\/zesar.ch\/wp-content\/uploads\/2024\/09\/Einzelplatz-1-1657x2048.png 1657w, https:\/\/zesar.ch\/wp-content\/uploads\/2024\/09\/Einzelplatz-1-10x12.png 10w, https:\/\/zesar.ch\/wp-content\/uploads\/2024\/09\/Einzelplatz-1-350x432.png 350w, https:\/\/zesar.ch\/wp-content\/uploads\/2024\/09\/Einzelplatz-1-600x741.png 600w\" sizes=\"(max-width: 2817px) 100vw, 2817px\" data-has-transparency=\"false\" data-dominant-color=\"737779\" style=\"--dominant-color: #737779;\" \/><div class=\"wp-block-cover__inner-container\">\n<p class=\"has-text-align-center has-large-font-size\"><\/p>\n<\/div><\/div>\n\n\n\n<p><strong>Acte 1 : Une journ\u00e9e au c\u0153ur du studio d'apprentissage MIAN \u2013 structure, individualit\u00e9 et comp\u00e9tences sociales<\/strong><\/p>\n\n\n\n<p>Dans le studio d'apprentissage MIAN, chaque journ\u00e9e commence par une structure claire qui donne aux \u00e9l\u00e8ves une s\u00e9curit\u00e9 et une orientation. Pour les enfants atteints d'autisme, une routine fiable est essentielle. L'accueil du matin se fait chaque jour de la m\u00eame mani\u00e8re afin d'\u00e9tablir une routine solide. Outre l\u2019accompagnement dans l\u2019apprentissage progressif des diff\u00e9rentes mati\u00e8res, le MIAN accorde une grande importance au d\u00e9veloppement des comp\u00e9tences sociales. Les rituels matinaux communs et les pauses cr\u00e9ent un espace d'\u00e9change et renforcent le sentiment de communaut\u00e9. Parall\u00e8lement, chaque enfant est pris en charge individuellement afin de r\u00e9pondre \u00e0 ses besoins particuliers. Un environnement propre \u00e0 chacun et extr\u00eamement bien structur\u00e9 est indispensable \u00e0 ce travail.<\/p>\n\n\n\n<p>Zesar.ch a \u00e9quip\u00e9 le studio d'apprentissage MIAN de meubles sur mesure flexibles et fonctionnels. Ceux-ci permettent d'adapter l'environnement d'apprentissage de mani\u00e8re optimale aux besoins individuels des enfants. Les tables individuelles offrent un espace pour se retirer et se concentrer, tandis que les tables de groupe favorisent la collaboration. Les petits espaces de retrait cr\u00e9ent un environnement apaisant dans lequel les enfants peuvent se concentrer sur leurs t\u00e2ches sans \u00eatre distraits. Les chaises ergonomiques favorisent une position assise saine tout comme la concentration. Les tables \u00e0 roulettes permettent de r\u00e9organiser rapidement les espaces pour diff\u00e9rents types d\u2019activit\u00e9s. Le tout nouveau produit de Zesar.ch ; le COCON, offre une solution polyvalente et flexible pour diff\u00e9rents modes d'apprentissage. Qu'il soit utilis\u00e9 comme lieu de retrait pour l'apprentissage individuel, comme espace d'\u00e9change en petits groupes ou comme centre pour des projets communs, le COCON offre une multitude de possibilit\u00e9s favorisant la cr\u00e9ativit\u00e9 et la collaboration.<\/p>\n\n\n\n<p class=\"has-medium-font-size\"><\/p>\n\n\n\n<figure class=\"wp-block-video\"><video controls src=\"https:\/\/zesar.ch\/wp-content\/uploads\/2024\/10\/IMG_4814_compressed.mp4\"><\/video><\/figure>\n\n\n\n<p class=\"has-normal-font-size\"><\/p>\n<\/div>\n<\/div>","protected":false},"excerpt":{"rendered":"<p>Les meubles ne sont pas que de simples objets fonctionnels - ils font partie int\u00e9grante du processus d'apprentissage et influencent directement la r\u00e9ussite des enfants. Plus particuli\u00e8rement pour les institutions scolaires qui se concentrent sur les enfants ayant des besoins sp\u00e9ciaux - comme le spectre de l'autisme par exemple - un concept de mobilier bien pens\u00e9 joue un r\u00f4le crucial. <\/p>","protected":false},"author":16,"featured_media":9675,"comment_status":"open","ping_status":"open","sticky":false,"template":"","format":"standard","meta":[],"acf":[],"_links":{"self":[{"href":"https:\/\/zesar.ch\/fr\/wp-json\/wp\/v2\/posts\/9615"}],"collection":[{"href":"https:\/\/zesar.ch\/fr\/wp-json\/wp\/v2\/posts"}],"about":[{"href":"https:\/\/zesar.ch\/fr\/wp-json\/wp\/v2\/types\/post"}],"author":[{"embeddable":true,"href":"https:\/\/zesar.ch\/fr\/wp-json\/wp\/v2\/users\/16"}],"replies":[{"embeddable":true,"href":"https:\/\/zesar.ch\/fr\/wp-json\/wp\/v2\/comments?post=9615"}],"version-history":[{"count":7,"href":"https:\/\/zesar.ch\/fr\/wp-json\/wp\/v2\/posts\/9615\/revisions"}],"predecessor-version":[{"id":10053,"href":"https:\/\/zesar.ch\/fr\/wp-json\/wp\/v2\/posts\/9615\/revisions\/10053"}],"wp:featuredmedia":[{"embeddable":true,"href":"https:\/\/zesar.ch\/fr\/wp-json\/wp\/v2\/media\/9675"}],"wp:attachment":[{"href":"https:\/\/zesar.ch\/fr\/wp-json\/wp\/v2\/media?parent=9615"}],"curies":[{"name":"wp","href":"https:\/\/api.w.org\/{rel}","templated":true}]}}