{"id":8887,"date":"2024-08-20T15:07:22","date_gmt":"2024-08-20T13:07:22","guid":{"rendered":"https:\/\/zesar.ch\/?p=8887"},"modified":"2026-01-27T07:25:06","modified_gmt":"2026-01-27T06:25:06","slug":"erfolgreich-gestartetes-pilotprojekt","status":"publish","type":"post","link":"https:\/\/zesar.ch\/fr\/erfolgreich-gestartetes-pilotprojekt\/","title":{"rendered":"Projet pilote lanc\u00e9 avec succ\u00e8s."},"content":{"rendered":"<div class=\"is-layout-constrained wp-container-1 wp-block-group title-wrapper\">\n<h1>Projet pilote lanc\u00e9 avec succ\u00e8s.<\/h1>\n\n\n\n<p>D\u00e9couvrez le mod\u00e8le de salle de classe innovant que la HEP Valais a d\u00e9velopp\u00e9 avec nous - flexible et parfaitement adapt\u00e9 aux besoins de tous les enfants.<\/p>\n<\/div>\n\n\n\n<div class=\"is-layout-constrained wp-block-group alignfull header-with-cover-and-sidebar\">\n<div class=\"is-layout-constrained wp-block-group alignfull has-grey-to-light-grey-gradient-background has-background\">\n<div class=\"wp-block-cover alignwide\"><span aria-hidden=\"true\" class=\"wp-block-cover__background has-background-dim-0 has-background-dim\"><\/span><img width=\"960\" height=\"1280\" src=\"https:\/\/zesar.ch\/wp-content\/uploads\/2024\/08\/Classe-flexible-jpg.webp\" class=\"wp-block-cover__image-background not-transparent wp-post-image\" alt=\"\" decoding=\"async\" loading=\"lazy\" data-object-fit=\"cover\" srcset=\"https:\/\/zesar.ch\/wp-content\/uploads\/2024\/08\/Classe-flexible-jpg.webp 960w, https:\/\/zesar.ch\/wp-content\/uploads\/2024\/08\/Classe-flexible-225x300.webp 225w, https:\/\/zesar.ch\/wp-content\/uploads\/2024\/08\/Classe-flexible-768x1024.webp 768w, https:\/\/zesar.ch\/wp-content\/uploads\/2024\/08\/Classe-flexible-9x12.webp 9w, https:\/\/zesar.ch\/wp-content\/uploads\/2024\/08\/Classe-flexible-350x467.webp 350w, https:\/\/zesar.ch\/wp-content\/uploads\/2024\/08\/Classe-flexible-600x800.webp 600w\" sizes=\"(max-width: 960px) 100vw, 960px\" data-has-transparency=\"false\" data-dominant-color=\"626e62\" style=\"--dominant-color: #626e62;\" \/><div class=\"wp-block-cover__inner-container\">\n<p class=\"has-text-align-center has-large-font-size\"><\/p>\n<\/div><\/div>\n\n\n\n<p>Dans la salle de classe de 7H-8H \u00e0 Leytron, une structure particuli\u00e8re sous forme de nid douillet attend les \u00e9l\u00e8ves. Cette pi\u00e8ce, appel\u00e9e affectueusement \u00ab la grotte \u00bb, offre aux enfants la possibilit\u00e9 de s'isoler, de lire ou de r\u00e9fl\u00e9chir. Juste \u00e0 temps pour la rentr\u00e9e scolaire 2024-2025, cet espace unique, ergonomique et p\u00e9dagogique a \u00e9t\u00e9 d\u00e9couvert avec enthousiasme par les 23 \u00e9coliers. \u00ab C'est cool, on peut se reposer \u00bb, a d\u00e9clar\u00e9 l'un des enfants avec enthousiasme.<\/p>\n\n\n\n<p>Plus d'informations dans l'article suivant: <a href=\"http:\/\/www.lenouvelliste.ch\/valais\/rentree-scolaire-en-valais-leytron-teste-de-nouveaux-ameublements-pour-un-meilleur-apprentissage-1413087\" target=\"_blank\" rel=\"noreferrer noopener\">www.lenouvelliste.ch\/valais\/rentree-scolaire-en-valais-leytron-teste-de-nouveaux-ameublements-pour-un-meilleur-apprentissage-1413087<\/a><\/p>\n\n\n\n<p class=\"has-medium-font-size\"><\/p>\n\n\n\n<p class=\"has-normal-font-size\"><\/p>\n<\/div>\n<\/div>\n\n\n\n<figure class=\"is-layout-flex wp-block-gallery-4 wp-block-gallery has-nested-images columns-default is-cropped\">\n<figure class=\"wp-block-image size-large\"><img data-dominant-color=\"a39c9a\" data-has-transparency=\"true\" style=\"--dominant-color: #a39c9a;\" decoding=\"async\" loading=\"lazy\" width=\"359\" height=\"559\" data-id=\"9397\"  src=\"https:\/\/zesar.ch\/wp-content\/uploads\/2024\/09\/Une-Nouvelliste.png\" alt=\"\" class=\"has-transparency wp-image-9397\" srcset=\"https:\/\/zesar.ch\/wp-content\/uploads\/2024\/09\/Une-Nouvelliste.png 359w, https:\/\/zesar.ch\/wp-content\/uploads\/2024\/09\/Une-Nouvelliste-193x300.png 193w, https:\/\/zesar.ch\/wp-content\/uploads\/2024\/09\/Une-Nouvelliste-8x12.png 8w, https:\/\/zesar.ch\/wp-content\/uploads\/2024\/09\/Une-Nouvelliste-350x545.png 350w\" sizes=\"(max-width: 359px) 100vw, 359px\" \/><\/figure>\n\n\n\n<figure class=\"wp-block-image size-large\"><img data-dominant-color=\"a4a19d\" data-has-transparency=\"true\" style=\"--dominant-color: #a4a19d;\" decoding=\"async\" loading=\"lazy\" width=\"818\" height=\"613\" data-id=\"9398\"  src=\"https:\/\/zesar.ch\/wp-content\/uploads\/2024\/09\/Une-Nouvelliste-2.png\" alt=\"\" class=\"has-transparency wp-image-9398\" srcset=\"https:\/\/zesar.ch\/wp-content\/uploads\/2024\/09\/Une-Nouvelliste-2.png 818w, https:\/\/zesar.ch\/wp-content\/uploads\/2024\/09\/Une-Nouvelliste-2-300x225.png 300w, https:\/\/zesar.ch\/wp-content\/uploads\/2024\/09\/Une-Nouvelliste-2-768x576.png 768w, https:\/\/zesar.ch\/wp-content\/uploads\/2024\/09\/Une-Nouvelliste-2-16x12.png 16w, https:\/\/zesar.ch\/wp-content\/uploads\/2024\/09\/Une-Nouvelliste-2-350x262.png 350w, https:\/\/zesar.ch\/wp-content\/uploads\/2024\/09\/Une-Nouvelliste-2-600x450.png 600w\" sizes=\"(max-width: 818px) 100vw, 818px\" \/><\/figure>\n<\/figure>","protected":false},"excerpt":{"rendered":"<p>D\u00e9couvrez le mod\u00e8le de salle de classe innovant que la HEP Valais a d\u00e9velopp\u00e9 avec nous - flexible et parfaitement adapt\u00e9 aux besoins de tous les enfants.<\/p>","protected":false},"author":16,"featured_media":9394,"comment_status":"closed","ping_status":"open","sticky":false,"template":"","format":"standard","meta":[],"acf":[],"_links":{"self":[{"href":"https:\/\/zesar.ch\/fr\/wp-json\/wp\/v2\/posts\/8887"}],"collection":[{"href":"https:\/\/zesar.ch\/fr\/wp-json\/wp\/v2\/posts"}],"about":[{"href":"https:\/\/zesar.ch\/fr\/wp-json\/wp\/v2\/types\/post"}],"author":[{"embeddable":true,"href":"https:\/\/zesar.ch\/fr\/wp-json\/wp\/v2\/users\/16"}],"replies":[{"embeddable":true,"href":"https:\/\/zesar.ch\/fr\/wp-json\/wp\/v2\/comments?post=8887"}],"version-history":[{"count":4,"href":"https:\/\/zesar.ch\/fr\/wp-json\/wp\/v2\/posts\/8887\/revisions"}],"predecessor-version":[{"id":9400,"href":"https:\/\/zesar.ch\/fr\/wp-json\/wp\/v2\/posts\/8887\/revisions\/9400"}],"wp:featuredmedia":[{"embeddable":true,"href":"https:\/\/zesar.ch\/fr\/wp-json\/wp\/v2\/media\/9394"}],"wp:attachment":[{"href":"https:\/\/zesar.ch\/fr\/wp-json\/wp\/v2\/media?parent=8887"}],"curies":[{"name":"wp","href":"https:\/\/api.w.org\/{rel}","templated":true}]}}