{"id":11477,"date":"2026-03-26T15:43:26","date_gmt":"2026-03-26T14:43:26","guid":{"rendered":"https:\/\/zesar.ch\/?p=11477"},"modified":"2026-03-26T15:50:06","modified_gmt":"2026-03-26T14:50:06","slug":"kreislauffaehige-schulmoebel-gelebte-realitaet-bei-zesar-ch-sa","status":"publish","type":"post","link":"https:\/\/zesar.ch\/fr\/kreislauffaehige-schulmoebel-gelebte-realitaet-bei-zesar-ch-sa\/","title":{"rendered":"<strong>Mobilier scolaire circulaire : une r\u00e9alit\u00e9 chez Zesar.ch SA<\/strong>"},"content":{"rendered":"<div class=\"is-layout-constrained wp-container-1 wp-block-group title-wrapper\">\n<h1><strong>Mobilier scolaire circulaire : une r\u00e9alit\u00e9 chez Zesar.ch SA<\/strong><\/h1>\n\n\n\n<p>Comment concevoir du mobilier scolaire \u00e0 la fois robuste, durable et circulaire ? Chez Zesar.ch SA, cette question fait partie du quotidien.<\/p>\n<\/div>\n\n\n\n<div class=\"is-layout-constrained wp-block-group alignfull header-with-cover-and-sidebar\">\n<div class=\"is-layout-constrained wp-block-group alignfull has-grey-to-light-grey-gradient-background has-background\">\n<div class=\"wp-block-cover alignwide\"><span aria-hidden=\"true\" class=\"wp-block-cover__background has-background-dim-0 has-background-dim\"><\/span><img data-dominant-color=\"686059\" data-has-transparency=\"false\" style=\"--dominant-color: #686059;\" decoding=\"async\" loading=\"lazy\" width=\"2560\" height=\"1707\" class=\"not-transparent wp-block-cover__image-background wp-image-11483\" alt=\"\" src=\"https:\/\/zesar.ch\/wp-content\/uploads\/2026\/03\/CircularGlobe_Marianne-12-scaled.webp\" data-object-fit=\"cover\" srcset=\"https:\/\/zesar.ch\/wp-content\/uploads\/2026\/03\/CircularGlobe_Marianne-12-scaled.webp 2560w, https:\/\/zesar.ch\/wp-content\/uploads\/2026\/03\/CircularGlobe_Marianne-12-300x200.webp 300w, https:\/\/zesar.ch\/wp-content\/uploads\/2026\/03\/CircularGlobe_Marianne-12-1024x683.webp 1024w, https:\/\/zesar.ch\/wp-content\/uploads\/2026\/03\/CircularGlobe_Marianne-12-768x512.webp 768w, https:\/\/zesar.ch\/wp-content\/uploads\/2026\/03\/CircularGlobe_Marianne-12-1536x1024.webp 1536w, https:\/\/zesar.ch\/wp-content\/uploads\/2026\/03\/CircularGlobe_Marianne-12-2048x1365.webp 2048w, https:\/\/zesar.ch\/wp-content\/uploads\/2026\/03\/CircularGlobe_Marianne-12-18x12.webp 18w, https:\/\/zesar.ch\/wp-content\/uploads\/2026\/03\/CircularGlobe_Marianne-12-350x233.webp 350w, https:\/\/zesar.ch\/wp-content\/uploads\/2026\/03\/CircularGlobe_Marianne-12-600x400.webp 600w\" sizes=\"(max-width: 2560px) 100vw, 2560px\" \/><div class=\"wp-block-cover__inner-container\">\n<p class=\"has-text-align-center has-large-font-size\"><\/p>\n<\/div><\/div>\n\n\n\n<h2><\/h2>\n\n\n\n<p>Dans un entretien r\u00e9cemment publi\u00e9 dans le magazine FachFrauen Umwelt \u2013 Professionnelles en environnement (ffu-pee), notre coll\u00e8gue Marianne Frei partage un \u00e9clairage concret sur la mani\u00e8re dont les principes de l\u2019\u00e9conomie circulaire sont int\u00e9gr\u00e9s au c\u0153ur de notre entreprise.<\/p>\n\n\n\n<p>De la conception \u00e0 la fabrication \u00e0 Tavannes, chaque \u00e9tape est pens\u00e9e pour durer. Utilisation de bois suisse, recours \u00e0 l\u2019acier pour sa robustesse et sa recyclabilit\u00e9, produits r\u00e9parables et modulaires, logistique optimis\u00e9e avec un minimum d\u2019emballage et de transports \u00e0 vide : autant de choix qui traduisent une approche coh\u00e9rente et engag\u00e9e.<\/p>\n\n\n\n<p>Cette d\u00e9marche a d\u2019ailleurs \u00e9t\u00e9 reconnue par le label Circular Globe, obtenu en 2023. Un rep\u00e8re pr\u00e9cieux qui nous permet de mesurer nos actions et de continuer \u00e0 progresser vers des solutions toujours plus durables.<\/p>\n\n\n\n<figure class=\"wp-block-image size-large\"><img data-dominant-color=\"ac9d9d\" data-has-transparency=\"false\" style=\"--dominant-color: #ac9d9d;\" decoding=\"async\" loading=\"lazy\" width=\"1024\" height=\"428\" src=\"https:\/\/zesar.ch\/wp-content\/uploads\/2026\/03\/v1_Zesar_LinkedIn_CircularGlobe_Magazine_Forum_1200x1500px-e1774535694312-1024x428.png\" alt=\"\" class=\"not-transparent wp-image-11480\" srcset=\"https:\/\/zesar.ch\/wp-content\/uploads\/2026\/03\/v1_Zesar_LinkedIn_CircularGlobe_Magazine_Forum_1200x1500px-e1774535694312-1024x428.png 1024w, https:\/\/zesar.ch\/wp-content\/uploads\/2026\/03\/v1_Zesar_LinkedIn_CircularGlobe_Magazine_Forum_1200x1500px-e1774535694312-300x125.png 300w, https:\/\/zesar.ch\/wp-content\/uploads\/2026\/03\/v1_Zesar_LinkedIn_CircularGlobe_Magazine_Forum_1200x1500px-e1774535694312-768x321.png 768w, https:\/\/zesar.ch\/wp-content\/uploads\/2026\/03\/v1_Zesar_LinkedIn_CircularGlobe_Magazine_Forum_1200x1500px-e1774535694312-18x8.png 18w, https:\/\/zesar.ch\/wp-content\/uploads\/2026\/03\/v1_Zesar_LinkedIn_CircularGlobe_Magazine_Forum_1200x1500px-e1774535694312-350x146.png 350w, https:\/\/zesar.ch\/wp-content\/uploads\/2026\/03\/v1_Zesar_LinkedIn_CircularGlobe_Magazine_Forum_1200x1500px-e1774535694312-600x251.png 600w, https:\/\/zesar.ch\/wp-content\/uploads\/2026\/03\/v1_Zesar_LinkedIn_CircularGlobe_Magazine_Forum_1200x1500px-e1774535694312.png 1200w\" sizes=\"(max-width: 1024px) 100vw, 1024px\" \/><\/figure>\n\n\n\n<p><\/p>\n\n\n\n<p>Mais au-del\u00e0 des principes, l\u2019interview met en lumi\u00e8re une r\u00e9alit\u00e9 essentielle : la circularit\u00e9 se construit en collaboration, avec nos partenaires, nos fournisseurs et nos clients, afin de d\u00e9velopper des solutions adapt\u00e9es aux usages concrets.<\/p>\n\n\n\n<p>Envie d\u2019en savoir plus sur notre vision et nos actions en mati\u00e8re de mobilier scolaire circulaire ? Retrouvez l\u2019interview compl\u00e8te de Marianne Frei dans le magazine FachFrauen Umwelt \u2013 Professionnelles en environnement, page 13 : <a href=\"https:\/\/ffu-pee.ch\/wp-content\/uploads\/2025\/10\/forum3_25_Interaktiv_gross.pdf\" target=\"_blank\" rel=\"noreferrer noopener\">https:\/\/ffu-pee.ch\/wp-content\/uploads\/2025\/10\/forum3_25_Interaktiv_gross.pdf<\/a><\/p>\n\n\n\n<p class=\"has-normal-font-size\"><\/p>\n<\/div>\n<\/div>","protected":false},"excerpt":{"rendered":"<p>Comment concevoir du mobilier scolaire \u00e0 la fois robuste, durable et circulaire ? Chez Zesar.ch SA, cette question fait partie du quotidien. Dans un entretien r\u00e9cemment publi\u00e9 dans le magazine FachFrauen Umwelt \u2013 Professionnelles en environnement (ffu-pee), notre coll\u00e8gue Marianne Frei partage un \u00e9clairage concret sur la mani\u00e8re dont les principes de l\u2019\u00e9conomie circulaire sont int\u00e9gr\u00e9s au c\u0153ur de notre entreprise.<\/p>","protected":false},"author":128,"featured_media":11483,"comment_status":"open","ping_status":"open","sticky":false,"template":"","format":"standard","meta":[],"acf":[],"_links":{"self":[{"href":"https:\/\/zesar.ch\/fr\/wp-json\/wp\/v2\/posts\/11477"}],"collection":[{"href":"https:\/\/zesar.ch\/fr\/wp-json\/wp\/v2\/posts"}],"about":[{"href":"https:\/\/zesar.ch\/fr\/wp-json\/wp\/v2\/types\/post"}],"author":[{"embeddable":true,"href":"https:\/\/zesar.ch\/fr\/wp-json\/wp\/v2\/users\/128"}],"replies":[{"embeddable":true,"href":"https:\/\/zesar.ch\/fr\/wp-json\/wp\/v2\/comments?post=11477"}],"version-history":[{"count":10,"href":"https:\/\/zesar.ch\/fr\/wp-json\/wp\/v2\/posts\/11477\/revisions"}],"predecessor-version":[{"id":11489,"href":"https:\/\/zesar.ch\/fr\/wp-json\/wp\/v2\/posts\/11477\/revisions\/11489"}],"wp:featuredmedia":[{"embeddable":true,"href":"https:\/\/zesar.ch\/fr\/wp-json\/wp\/v2\/media\/11483"}],"wp:attachment":[{"href":"https:\/\/zesar.ch\/fr\/wp-json\/wp\/v2\/media?parent=11477"}],"curies":[{"name":"wp","href":"https:\/\/api.w.org\/{rel}","templated":true}]}}